{"id":12221,"date":"2025-04-17T11:20:00","date_gmt":"2025-04-17T15:20:00","guid":{"rendered":"https:\/\/www.northcross.cl\/?p=12221"},"modified":"2026-01-05T10:15:30","modified_gmt":"2026-01-05T13:15:30","slug":"prevencion-de-la-violencia-de-genero","status":"publish","type":"post","link":"https:\/\/www.northcross.cl\/index.php\/2025\/04\/17\/prevencion-de-la-violencia-de-genero\/","title":{"rendered":"PREVENCI\u00d3N DE LA VIOLENCIA DE G\u00c9NERO"},"content":{"rendered":"\n<p>En el Colegio North Cross School, la educaci\u00f3n va m\u00e1s all\u00e1 de los libros y las aulas. Esta semana, todos los alumnos se sumaron a una iniciativa fundamental,\u00a0esta jornada se enmarca en lo indicado por MINEDUC: La prevenci\u00f3n de la violencia de g\u00e9nero. A trav\u00e9s de actividades, charlas y reflexiones, los estudiantes exploraron la importancia del respeto, la igualdad y el rechazo a cualquier forma de violencia.<\/p>\n\n\n<div class=\"wp-block-image\">\n<figure class=\"aligncenter is-resized\"><img decoding=\"async\" src=\"https:\/\/www.northcross.cl\/wp-content\/uploads\/2025\/04\/image-2.png\" alt=\"\" class=\"wp-image-12223\" style=\"width:336px;height:auto\"\/><\/figure>\n<\/div>\n\n\n<p>Desde los cursos m\u00e1s peque\u00f1os hasta los de ense\u00f1anza media, cada grupo particip\u00f3 en din\u00e1micas dise\u00f1adas para generar conciencia sobre c\u00f3mo prevenir la violencia de g\u00e9nero. Se abordaron temas como el consentimiento, el lenguaje no violento y la desconstrucci\u00f3n de estereotipos. Adem\u00e1s, se realizaron debates en los que los alumnos expresaron sus opiniones y propusieron soluciones para construir una sociedad m\u00e1s justa e inclusiva.<\/p>\n\n\n<div class=\"wp-block-image\">\n<figure class=\"aligncenter size-full is-resized\"><img decoding=\"async\" src=\"https:\/\/www.northcross.cl\/wp-content\/uploads\/2025\/04\/image-3.png\" alt=\"\" class=\"wp-image-12224\" style=\"width:515px;height:auto\"\/><\/figure>\n<\/div>\n\n\n<p>El compromiso del Colegio North Cross School con esta causa demuestra que la educaci\u00f3n es una herramienta poderosa para el cambio. Con conocimiento y empat\u00eda, los estudiantes se convierten en agentes de transformaci\u00f3n, promoviendo el respeto y la equidad en su entorno.<\/p>\n\n\n\n<p>La prevenci\u00f3n de la violencia de g\u00e9nero es un desaf\u00edo colectivo y requiere la participaci\u00f3n de toda la comunidad. Gracias a iniciativas como esta, se fomenta un ambiente donde todos puedan sentirse seguros y respetados. Porque la educaci\u00f3n no solo forma mentes brillantes, sino tambi\u00e9n corazones conscientes y comprometidos.<\/p>\n\n\n\n<p>\u00a1Sigamos construyendo un mundo libre de violencia juntos!<\/p>\n\n\n\n<figure class=\"wp-block-image size-large\"><img loading=\"lazy\" decoding=\"async\" width=\"1024\" height=\"323\" src=\"https:\/\/www.northcross.cl\/wp-content\/uploads\/2022\/09\/cropped-nnnnn-1024x323.png\" alt=\"\" class=\"wp-image-8298\" srcset=\"https:\/\/www.northcross.cl\/wp-content\/uploads\/2022\/09\/cropped-nnnnn-1024x323.png 1024w, https:\/\/www.northcross.cl\/wp-content\/uploads\/2022\/09\/cropped-nnnnn-300x95.png 300w, https:\/\/www.northcross.cl\/wp-content\/uploads\/2022\/09\/cropped-nnnnn-768x243.png 768w, https:\/\/www.northcross.cl\/wp-content\/uploads\/2022\/09\/cropped-nnnnn.png 1089w\" sizes=\"auto, (max-width: 1024px) 100vw, 1024px\" \/><\/figure>\n","protected":false},"excerpt":{"rendered":"<p>En el Colegio North Cross School, la educaci\u00f3n va m\u00e1s all\u00e1 de los libros y las aulas. Esta semana, todos los alumnos se sumaron a una iniciativa fundamental,\u00a0esta jornada se&#8230;<\/p>\n<div class=\"royalnews-readmore-wrap\"><a href=\"https:\/\/www.northcross.cl\/index.php\/2025\/04\/17\/prevencion-de-la-violencia-de-genero\/\" class=\"royalnews-readmore\">Explore more <i class=\"far fa-hand-point-right\"><\/i><\/a><\/div>\n","protected":false},"author":1,"featured_media":0,"comment_status":"closed","ping_status":"closed","sticky":false,"template":"","format":"standard","meta":{"footnotes":""},"categories":[7],"tags":[],"class_list":["post-12221","post","type-post","status-publish","format-standard","hentry","category-actividades-de-los-alumnos"],"_links":{"self":[{"href":"https:\/\/www.northcross.cl\/index.php\/wp-json\/wp\/v2\/posts\/12221","targetHints":{"allow":["GET"]}}],"collection":[{"href":"https:\/\/www.northcross.cl\/index.php\/wp-json\/wp\/v2\/posts"}],"about":[{"href":"https:\/\/www.northcross.cl\/index.php\/wp-json\/wp\/v2\/types\/post"}],"author":[{"embeddable":true,"href":"https:\/\/www.northcross.cl\/index.php\/wp-json\/wp\/v2\/users\/1"}],"replies":[{"embeddable":true,"href":"https:\/\/www.northcross.cl\/index.php\/wp-json\/wp\/v2\/comments?post=12221"}],"version-history":[{"count":1,"href":"https:\/\/www.northcross.cl\/index.php\/wp-json\/wp\/v2\/posts\/12221\/revisions"}],"predecessor-version":[{"id":14870,"href":"https:\/\/www.northcross.cl\/index.php\/wp-json\/wp\/v2\/posts\/12221\/revisions\/14870"}],"wp:attachment":[{"href":"https:\/\/www.northcross.cl\/index.php\/wp-json\/wp\/v2\/media?parent=12221"}],"wp:term":[{"taxonomy":"category","embeddable":true,"href":"https:\/\/www.northcross.cl\/index.php\/wp-json\/wp\/v2\/categories?post=12221"},{"taxonomy":"post_tag","embeddable":true,"href":"https:\/\/www.northcross.cl\/index.php\/wp-json\/wp\/v2\/tags?post=12221"}],"curies":[{"name":"wp","href":"https:\/\/api.w.org\/{rel}","templated":true}]}}